{"id":2592,"date":"2026-03-10T22:32:06","date_gmt":"2026-03-10T21:32:06","guid":{"rendered":"https:\/\/www.spd-rosellen.de\/?p=2592"},"modified":"2026-03-10T22:37:04","modified_gmt":"2026-03-10T21:37:04","slug":"veraenderungen-im-vorstand","status":"publish","type":"post","link":"https:\/\/www.spd-rosellen.de\/?p=2592","title":{"rendered":"Ver\u00e4nderungen im Vorstand"},"content":{"rendered":"<p>Auf der Mitgliederversammlung am 10.3.2026 in Norf gab es einige Ver\u00e4nderungen im Vorstand der SPD Rosellen f\u00fcr die Wahlperiode bis zum Jahr 2027:<\/p>\n<p>Verena Kiechle ist von Ihrem Amt als (Co-)Vorsitzende der SPD Rosellen zur\u00fcckgetreten, da sie auf Grund ihrer Aufgaben als stv. Fraktionsvorsitzende und als Vorsitzende des Sozialausschusses das Amt nicht mehr gen\u00fcgend wahrnehmen kann. Die Mitglieder haben dann entschieden, keine Doppelspitze mehr einzuf\u00fchren, daher bleibt Ralph-Erich Hildebrandt alleiniger Vorsitzender der SPD Rosellen.<\/p>\n<p>Verena bleibt aber als kooptiertes Mitglied als Stadtverordnete f\u00fcr Rosellerheide-Neuenbaum beratend im Vorstand.<\/p>\n<p>Ionna Rott hat ihr Amt als Schriftf\u00fchrerin aus pers\u00f6nlichen Gr\u00fcnden niedergelegt. Die Mitgliederversammlung hat einstimmig Mona H\u00fcbner zur neuen Schriftf\u00fchrerin gew\u00e4hlt.<\/p>\n<p>Die Beispitzerin Britta Sommer war bereits Ende 2025 weggezogen und hat daher den Ortsverein gewechselt. Daher war automatisch ihr Amt als Beisitzerin im Vorstand vakant. Die Mitgliederversammlung hat beschlossen, die Zahl der Beisitzerinnen und Beisitzer von vier auf drei zu verringern und damit das Amt nicht neu zu besetzen.<\/p>\n<p>Au\u00dferdem gab es Wahlen zu den Delegiertenversammloungen f\u00fcr die Landtagswahl 2027.<\/p>\n","protected":false},"excerpt":{"rendered":"<p>Auf der Mitgliederversammlung am 10.3.2026 in Norf gab es einige Ver\u00e4nderungen im Vorstand der SPD Rosellen f\u00fcr die Wahlperiode bis zum Jahr 2027: Verena Kiechle ist von Ihrem Amt als (Co-)Vorsitzende der SPD Rosellen zur\u00fcckgetreten, da sie auf Grund ihrer Aufgaben als stv. Fraktionsvorsitzende und als Vorsitzende des Sozialausschusses das Amt nicht mehr gen\u00fcgend wahrnehmen [&hellip;]<\/p>\n","protected":false},"author":1,"featured_media":0,"comment_status":"closed","ping_status":"closed","sticky":false,"template":"","format":"standard","meta":{"footnotes":""},"categories":[2],"tags":[],"class_list":["post-2592","post","type-post","status-publish","format-standard","hentry","category-ortsverein"],"_links":{"self":[{"href":"https:\/\/www.spd-rosellen.de\/index.php?rest_route=\/wp\/v2\/posts\/2592","targetHints":{"allow":["GET"]}}],"collection":[{"href":"https:\/\/www.spd-rosellen.de\/index.php?rest_route=\/wp\/v2\/posts"}],"about":[{"href":"https:\/\/www.spd-rosellen.de\/index.php?rest_route=\/wp\/v2\/types\/post"}],"author":[{"embeddable":true,"href":"https:\/\/www.spd-rosellen.de\/index.php?rest_route=\/wp\/v2\/users\/1"}],"replies":[{"embeddable":true,"href":"https:\/\/www.spd-rosellen.de\/index.php?rest_route=%2Fwp%2Fv2%2Fcomments&post=2592"}],"version-history":[{"count":5,"href":"https:\/\/www.spd-rosellen.de\/index.php?rest_route=\/wp\/v2\/posts\/2592\/revisions"}],"predecessor-version":[{"id":2597,"href":"https:\/\/www.spd-rosellen.de\/index.php?rest_route=\/wp\/v2\/posts\/2592\/revisions\/2597"}],"wp:attachment":[{"href":"https:\/\/www.spd-rosellen.de\/index.php?rest_route=%2Fwp%2Fv2%2Fmedia&parent=2592"}],"wp:term":[{"taxonomy":"category","embeddable":true,"href":"https:\/\/www.spd-rosellen.de\/index.php?rest_route=%2Fwp%2Fv2%2Fcategories&post=2592"},{"taxonomy":"post_tag","embeddable":true,"href":"https:\/\/www.spd-rosellen.de\/index.php?rest_route=%2Fwp%2Fv2%2Ftags&post=2592"}],"curies":[{"name":"wp","href":"https:\/\/api.w.org\/{rel}","templated":true}]}}